[{"@context":"https:\/\/schema.org\/","@type":"Article","@id":"https:\/\/www.idat.cz\/nas-zivot\/#Article","mainEntityOfPage":"https:\/\/www.idat.cz\/nas-zivot\/","headline":"N\u00e1\u0161 \u017eivot","name":"N\u00e1\u0161 \u017eivot","description":"Ka\u017ed\u00fd \u010dlov\u011bk vyzn\u00e1v\u00e1 takov\u00fd \u017eivotn\u00ed styl, kter\u00fd mu samoz\u0159ejm\u011b vyhovuje. J\u00e1 jsem si kdysi \u0159\u00edkala, \u017ee nejlep\u0161\u00ed \u017eivotn\u00ed styl je takov\u00fd, kter\u00fd se \u017eije zdrav\u011b, a hlavn\u011b podle pravidel. Jenom\u017ee kdy\u017e to tak vezmu a zept\u00e1m se kolem a kolem, tak kde jsou ta pravidla? Podle \u010deho m\u00e1 \u010dlov\u011bk \u017e\u00edt, aby v\u0161echno bylo dokonal\u00e9? Dlouho...<p class=\"more-link-wrap\"><a href=\"https:\/\/www.idat.cz\/nas-zivot\/\" class=\"more-link\">P\u0159e\u010d\u00edst \u010dl\u00e1nek<span class=\"screen-reader-text\"> &ldquo;N\u00e1\u0161 \u017eivot&rdquo;<\/span> &raquo;<\/a><\/p>","datePublished":"2022-05-31","dateModified":"2023-05-03","author":{"@type":"Person","@id":"https:\/\/www.idat.cz\/author\/devene\/#Person","name":"devene","url":"https:\/\/www.idat.cz\/author\/devene\/","identifier":1,"image":{"@type":"ImageObject","@id":"https:\/\/secure.gravatar.com\/avatar\/42264ea8f5170010011c6bbf811aa6c31c20ad3acf2a9bd21dca0746ea8c832a?s=96&d=mm&r=g","url":"https:\/\/secure.gravatar.com\/avatar\/42264ea8f5170010011c6bbf811aa6c31c20ad3acf2a9bd21dca0746ea8c832a?s=96&d=mm&r=g","height":96,"width":96}},"publisher":{"@type":"Organization","name":"idat.cz","logo":{"@type":"ImageObject","@id":"\/logo.png","url":"\/logo.png","width":600,"height":60}},"image":{"@type":"ImageObject","@id":"https:\/\/www.idat.cz\/wp-content\/uploads\/make-the-day-great-4166221_960_720_1.jpg","url":"https:\/\/www.idat.cz\/wp-content\/uploads\/make-the-day-great-4166221_960_720_1.jpg","height":0,"width":0},"url":"https:\/\/www.idat.cz\/nas-zivot\/","about":["\u017divotn\u00ed styl"],"wordCount":419,"articleBody":"Ka\u017ed\u00fd \u010dlov\u011bk vyzn\u00e1v\u00e1 takov\u00fd \u017eivotn\u00ed styl, kter\u00fd mu samoz\u0159ejm\u011b vyhovuje. J\u00e1 jsem si kdysi \u0159\u00edkala, \u017ee nejlep\u0161\u00ed \u017eivotn\u00ed styl je takov\u00fd, kter\u00fd se \u017eije zdrav\u011b, a hlavn\u011b podle pravidel. Jenom\u017ee kdy\u017e to tak vezmu a zept\u00e1m se kolem a kolem, tak kde jsou ta pravidla? Podle \u010deho m\u00e1 \u010dlov\u011bk \u017e\u00edt, aby v\u0161echno bylo dokonal\u00e9? Dlouho jsem dumala nad t\u00edm, kde tohle v\u016fbec v\u0161echno vzniklo. \u017divotn\u00ed styl si p\u0159eci ka\u017ed\u00fd \u010dlov\u011bk ud\u011bl\u00e1 s\u00e1m a nem\u016f\u017ee na to existovat opravdu \u017e\u00e1dn\u00e1 p\u0159\u00edru\u010dka. Je to jako s t\u00edm, \u017ee n\u011bkdo chce donutit rodi\u010de vychov\u00e1vat sv\u00e9 d\u011bti tak, jak ukazuj\u00ed bro\u017eury anebo r\u016fzn\u00e9 knihy. A mysl\u00edm si, \u017ee opravdu \u017e\u00e1dn\u00fd \u010dlov\u011bk nevychov\u00e1v\u00e1 d\u011bti pouze podle bro\u017eurek. Anebo by n\u011bkoho takov\u00e9ho zn\u00e1te? Zn\u00e1te n\u011bkoho, kdo d\u00e1 pouze na p\u0159\u00edru\u010dky a na knihy? Podle m\u00e9ho n\u00e1zoru je tohle \u0161patn\u011b, proto\u017ee \u017eivotn\u00ed styl m\u00e1 \u010dlov\u011bk m\u00edt takov\u00fd, jak\u00fd chce on.Proto\u017ee pokud \u010dlov\u011bk chce \u017e\u00edt pouze jenom podle toho, jak si p\u0159ej\u00ed ostatn\u00ed, tak ten \u010dlov\u011bk potom nebude opravdu nikdy \u0161\u0165astn\u00fd. St\u00e1le se bude soust\u0159edit na to, aby pot\u011b\u0161il hlavn\u011b ty druh\u00e9 lidi a sebe d\u00e1 na druh\u00e9 m\u00edsto. Mysl\u00edm si, \u017ee to je opravdu \u0161koda. Proto\u017ee ka\u017ed\u00fd \u010dlov\u011bk by si m\u011bl hlavn\u011b v\u00e1\u017eit s\u00e1m sebe a b\u00fdt na prvn\u00edm m\u00edst\u011b, proto\u017ee pokud je \u010dlov\u011bk s\u00e1m se sebou spokojen\u00fd, vyzn\u00e1v\u00e1 svou \u017eivotn\u00ed styl, tak\u017ee je potom jasn\u00e9, \u017ee na v\u0161echny lidi kolem bude potom vyza\u0159ovat pozitivn\u00ed energii, co\u017e je podle m\u00e9ho n\u00e1zoru opravdu prima a m\u011blo by to tak b\u00fdt. J\u00e1 sama jsem taky m\u011bla jednu dobu opravdu velk\u00fd\u00a0probl\u00e9m\u00a0s t\u00edm, \u017ee jsme dbala hlavn\u011b na ostatn\u00ed\u00a0lidi\u00a0kolem sebe a na sebe jsem nebrala\u00a0v\u016fbec\u00a0\u017e\u00e1dn\u00e9 ohledy. Neum\u011bla\u00a0jsem\u00a0\u0159\u00edct ne, a\u00a0to\u00a0je\u00a0pr\u00e1v\u011b velk\u00e1 chyba. Ka\u017ed\u00fd po m\u011b\u00a0n\u011bco\u00a0cht\u011bla j\u00e1 jsem nedok\u00e1zala nevyhov\u011bt lidem. Tak jsem se z toho\u00a0jednou\u00a0m\u00e1lem zhroutila, asi jsem m\u011bla syndrom vyho\u0159en\u00ed, A tak jsme si \u0159ekla, \u017ee na v\u0161echno ka\u0161lu a budu se v\u011bnovat\u00a0hlav\u011b sama\u00a0sob\u011b,\u00a0proto\u017ee\u00a0u\u017e na to p\u0159i\u0161el \u010das.\u00a0                                                                                                                                                                                                                                                                                                                                                                                                "},{"@context":"https:\/\/schema.org\/","@type":"BreadcrumbList","itemListElement":[{"@type":"ListItem","position":1,"name":"N\u00e1\u0161 \u017eivot","item":"https:\/\/www.idat.cz\/nas-zivot\/#breadcrumbitem"}]}]