[{"@context":"https:\/\/schema.org\/","@type":"Article","@id":"https:\/\/www.idat.cz\/oblecete-se-po-vojensku\/#Article","mainEntityOfPage":"https:\/\/www.idat.cz\/oblecete-se-po-vojensku\/","headline":"Oble\u010dete se po vojensku?","name":"Oble\u010dete se po vojensku?","description":"N\u011bkoho u\u017e to prost\u011b k arm\u00e1d\u011b t\u00e1hne. Osobn\u011b sice nech\u00e1pu, pro\u010d je tomu tak, a preferuji dne\u0161n\u00ed dobu p\u0159ed dobami minula mimo jin\u00e9 i proto, \u017ee dnes se lze vojensk\u00e9 slu\u017eb\u011b vyhnout i bez nutnosti podpl\u00e1cet a simulovat, aby se \u010dlov\u011bk propracoval a\u017e k z\u00e1zraku jm\u00e9nem modr\u00e1 kn\u00ed\u017eka, ale uzn\u00e1v\u00e1m, \u017ee prost\u011b ne ka\u017ed\u00fd sm\u00fd\u0161l\u00ed...<p class=\"more-link-wrap\"><a href=\"https:\/\/www.idat.cz\/oblecete-se-po-vojensku\/\" class=\"more-link\">P\u0159e\u010d\u00edst \u010dl\u00e1nek<span class=\"screen-reader-text\"> &ldquo;Oble\u010dete se po vojensku?&rdquo;<\/span> &raquo;<\/a><\/p>","datePublished":"2022-10-14","dateModified":"2023-05-03","author":{"@type":"Person","@id":"https:\/\/www.idat.cz\/author\/devene\/#Person","name":"devene","url":"https:\/\/www.idat.cz\/author\/devene\/","identifier":1,"image":{"@type":"ImageObject","@id":"https:\/\/secure.gravatar.com\/avatar\/42264ea8f5170010011c6bbf811aa6c31c20ad3acf2a9bd21dca0746ea8c832a?s=96&d=mm&r=g","url":"https:\/\/secure.gravatar.com\/avatar\/42264ea8f5170010011c6bbf811aa6c31c20ad3acf2a9bd21dca0746ea8c832a?s=96&d=mm&r=g","height":96,"width":96}},"publisher":{"@type":"Organization","name":"idat.cz","logo":{"@type":"ImageObject","@id":"\/logo.png","url":"\/logo.png","width":600,"height":60}},"image":{"@type":"ImageObject","@id":"https:\/\/www.idat.cz\/wp-content\/uploads\/voj%C3%A1k%20se%20zbran%C3%AD_2.jpg","url":"https:\/\/www.idat.cz\/wp-content\/uploads\/voj%C3%A1k%20se%20zbran%C3%AD_2.jpg","height":0,"width":0},"url":"https:\/\/www.idat.cz\/oblecete-se-po-vojensku\/","about":["N\u00e1kupy"],"wordCount":434,"articleBody":"   N\u011bkoho u\u017e to prost\u011b k arm\u00e1d\u011b t\u00e1hne. Osobn\u011b sice nech\u00e1pu, pro\u010d je tomu tak, a preferuji dne\u0161n\u00ed dobu p\u0159ed dobami minula mimo jin\u00e9 i proto, \u017ee dnes se lze vojensk\u00e9 slu\u017eb\u011b vyhnout i bez nutnosti podpl\u00e1cet a simulovat, aby se \u010dlov\u011bk propracoval a\u017e k z\u00e1zraku jm\u00e9nem modr\u00e1 kn\u00ed\u017eka, ale uzn\u00e1v\u00e1m, \u017ee prost\u011b ne ka\u017ed\u00fd sm\u00fd\u0161l\u00ed jako j\u00e1. A tak se i dnes najdou lid\u00e9, kter\u00e9 to t\u00e1hne k arm\u00e1d\u011b. A zat\u00edmco se z n\u011bkter\u00fdch z nich stanou voj\u00e1ci, jin\u00ed si na n\u011b aspo\u0148 \u201ahraj\u00ed\u2018. A to t\u0159eba i t\u00edm, \u017ee se obl\u00e9kaj\u00ed po vojensku, respektive pou\u017e\u00edvaj\u00ed i jin\u00e9 p\u0159edm\u011bty s potiskem souvisej\u00edc\u00edm pr\u00e1v\u011b s ozbrojen\u00fdmi silami.N\u011bkdo tak m\u00e1 d\u00edky tomu, co u\u017e se dnes u n\u00e1s nab\u00edz\u00ed, dejme tomu \u017eenijn\u00ed pluk na funk\u010dn\u00edm \u010di d\u00e1msk\u00e9m tri\u010dku, n\u011bkdo na d\u00e1msk\u00e9 mikin\u011b, n\u011bkdo na pozn\u00e1mkov\u00e9m bloku a n\u011bkdo na \u010dern\u00e9m nebo b\u00edl\u00e9m hrnku a podobn\u011b, a d\u00edky tomu se z n\u011bj p\u0159inejmen\u0161\u00edm (a \u010dasto pouze) v jeho mysli stane tak\u00e9 \u017eenista, tedy n\u011bkdo, kdo pln\u00ed \u00fakoly \u017eenijn\u00ed podpory v\u0161ech druh\u016f \u010dinnost\u00ed a operac\u00ed \u010desk\u00e9 arm\u00e1dy pod veden\u00edm NATO, EU nebo OSN, a to jak u n\u00e1s, tak i na zahrani\u010dn\u00edch mis\u00edch, plus se zab\u00fdv\u00e1 i humanit\u00e1rn\u00edmi \u010dinnostmi v dob\u011b m\u00edru i v\u00e1lky.A pokud n\u011bkomu zrovna toto nevyhovuje, m\u016f\u017ee m\u00edt klidn\u011b i tri\u010dka, mikiny, hrnky a odznaky i s jin\u00fdmi obl\u00edben\u00fdmi military motivy, a to za p\u0159\u00edznivou cenu, n\u011bkdo si tu m\u016f\u017ee po\u0159\u00eddit i p\u0159edm\u011bty s t\u00e9matikou zbran\u00ed, airsoft, post-apo, zombie nebo sci-fi.A tak si prost\u011b mohou hr\u00e1t na voj\u00e1ky nejen mal\u00ed, ale i velc\u00ed, d\u00e1my stejn\u011b jako p\u00e1nov\u00e9. A nemus\u00ed to vyj\u00edt ani nijak draho. Nebo je to tedy ur\u010dit\u011b lacin\u00e9 aspo\u0148 ve srovn\u00e1n\u00ed s na\u0161\u00ed socialistickou minulost\u00ed. Kdy se \u010dlov\u011bk dostal do vojensk\u00e9ho zpravidla jen b\u011bhem prezen\u010dn\u00ed slu\u017eby, b\u011bhem n\u00ed\u017e p\u0159i\u0161el obvykle o dva roky \u017eivota.Co\u017e u\u017e dnes nikdo nemus\u00ed. Proto\u017ee dnes u\u017e si lze u\u017e\u00edvat \u201aarm\u00e1dy\u2018 i v civilu. Kdy\u017e se to n\u011bkomu l\u00edb\u00ed. M\u011b by do toho sice nejsp\u00ed\u0161 nikdo nedostal, ale proti gustu \u017e\u00e1dn\u00fd dy\u0161put\u00e1t.                                                                                                                                                                                                                                                                                                                                                                                                  "},{"@context":"https:\/\/schema.org\/","@type":"BreadcrumbList","itemListElement":[{"@type":"ListItem","position":1,"name":"Oble\u010dete se po vojensku?","item":"https:\/\/www.idat.cz\/oblecete-se-po-vojensku\/#breadcrumbitem"}]}]