[{"@context":"https:\/\/schema.org\/","@type":"Blog","@id":"https:\/\/www.idat.cz#Blog","headline":"Idat","description":"\nPokud nev\u00edte, za co utratit sv\u00e9 pen\u00edze, m\u016f\u017eete je vlo\u017eit do \u010dehokoliv. S rizikem, \u017ee to nebude t\u0159eba spr\u00e1vn\u00e1 volba. Ale n\u00e1\u0161 web je v\u017edy ur\u010dit\u011b spr\u00e1vnou volbou.","url":"https:\/\/www.idat.cz","hasPart":[{"@type":"Article","@id":"https:\/\/www.idat.cz\/vase-automobily-budou-u-nas-v-nejlepsich-rukach\/","headline":"Va\u0161e automobily budou u n\u00e1s v nejlep\u0161\u00edch ruk\u00e1ch","url":"https:\/\/www.idat.cz\/vase-automobily-budou-u-nas-v-nejlepsich-rukach\/","datePublished":"2024-11-12","dateModified":"2024-11-12","mainEntityOfPage":"https:\/\/www.idat.cz\/vase-automobily-budou-u-nas-v-nejlepsich-rukach\/","author":{"@type":"Person","@id":"https:\/\/www.idat.cz\/author\/devene\/#Person","name":"devene","url":"https:\/\/www.idat.cz\/author\/devene\/","identifier":1,"image":{"@type":"ImageObject","@id":"https:\/\/secure.gravatar.com\/avatar\/42264ea8f5170010011c6bbf811aa6c31c20ad3acf2a9bd21dca0746ea8c832a?s=96&d=mm&r=g","url":"https:\/\/secure.gravatar.com\/avatar\/42264ea8f5170010011c6bbf811aa6c31c20ad3acf2a9bd21dca0746ea8c832a?s=96&d=mm&r=g","height":96,"width":96}},"publisher":{"@type":"Organization","name":"idat.cz","logo":{"@type":"ImageObject","@id":"\/logo.png","url":"\/logo.png","width":600,"height":60}},"image":null,"wordCount":223,"keywords":null},{"@type":"Article","@id":"https:\/\/www.idat.cz\/nabizime-pouze-zkusenosti-a-kvalitu\/","headline":"Nab\u00edz\u00edme pouze zku\u0161enosti a kvalitu","url":"https:\/\/www.idat.cz\/nabizime-pouze-zkusenosti-a-kvalitu\/","datePublished":"2024-11-06","dateModified":"2024-11-06","mainEntityOfPage":"https:\/\/www.idat.cz\/nabizime-pouze-zkusenosti-a-kvalitu\/","author":{"@type":"Person","@id":"https:\/\/www.idat.cz\/author\/devene\/#Person","name":"devene","url":"https:\/\/www.idat.cz\/author\/devene\/","identifier":1,"image":{"@type":"ImageObject","@id":"https:\/\/secure.gravatar.com\/avatar\/42264ea8f5170010011c6bbf811aa6c31c20ad3acf2a9bd21dca0746ea8c832a?s=96&d=mm&r=g","url":"https:\/\/secure.gravatar.com\/avatar\/42264ea8f5170010011c6bbf811aa6c31c20ad3acf2a9bd21dca0746ea8c832a?s=96&d=mm&r=g","height":96,"width":96}},"publisher":{"@type":"Organization","name":"idat.cz","logo":{"@type":"ImageObject","@id":"\/logo.png","url":"\/logo.png","width":600,"height":60}},"image":null,"wordCount":209,"keywords":null},{"@type":"Article","@id":"https:\/\/www.idat.cz\/v-nasich-prevlecich-se-sam-sebe-budete-bat\/","headline":"V na\u0161ich p\u0159evlec\u00edch se s\u00e1m sebe budete b\u00e1t","url":"https:\/\/www.idat.cz\/v-nasich-prevlecich-se-sam-sebe-budete-bat\/","datePublished":"2024-10-30","dateModified":"2024-10-30","mainEntityOfPage":"https:\/\/www.idat.cz\/v-nasich-prevlecich-se-sam-sebe-budete-bat\/","author":{"@type":"Person","@id":"https:\/\/www.idat.cz\/author\/devene\/#Person","name":"devene","url":"https:\/\/www.idat.cz\/author\/devene\/","identifier":1,"image":{"@type":"ImageObject","@id":"https:\/\/secure.gravatar.com\/avatar\/42264ea8f5170010011c6bbf811aa6c31c20ad3acf2a9bd21dca0746ea8c832a?s=96&d=mm&r=g","url":"https:\/\/secure.gravatar.com\/avatar\/42264ea8f5170010011c6bbf811aa6c31c20ad3acf2a9bd21dca0746ea8c832a?s=96&d=mm&r=g","height":96,"width":96}},"publisher":{"@type":"Organization","name":"idat.cz","logo":{"@type":"ImageObject","@id":"\/logo.png","url":"\/logo.png","width":600,"height":60}},"image":null,"wordCount":314,"keywords":null},{"@type":"Article","@id":"https:\/\/www.idat.cz\/pohodli-na-prvnim-miste\/","headline":"Pohodl\u00ed na prvn\u00edm m\u00edst\u011b","url":"https:\/\/www.idat.cz\/pohodli-na-prvnim-miste\/","datePublished":"2024-10-21","dateModified":"2024-10-21","mainEntityOfPage":"https:\/\/www.idat.cz\/pohodli-na-prvnim-miste\/","author":{"@type":"Person","@id":"https:\/\/www.idat.cz\/author\/devene\/#Person","name":"devene","url":"https:\/\/www.idat.cz\/author\/devene\/","identifier":1,"image":{"@type":"ImageObject","@id":"https:\/\/secure.gravatar.com\/avatar\/42264ea8f5170010011c6bbf811aa6c31c20ad3acf2a9bd21dca0746ea8c832a?s=96&d=mm&r=g","url":"https:\/\/secure.gravatar.com\/avatar\/42264ea8f5170010011c6bbf811aa6c31c20ad3acf2a9bd21dca0746ea8c832a?s=96&d=mm&r=g","height":96,"width":96}},"publisher":{"@type":"Organization","name":"idat.cz","logo":{"@type":"ImageObject","@id":"\/logo.png","url":"\/logo.png","width":600,"height":60}},"image":null,"wordCount":291,"keywords":null},{"@type":"Article","@id":"https:\/\/www.idat.cz\/detske-obleceni-wolf-nabizi-kvalitni-a-pekne-obleceni-za-skvelou-cenu\/","headline":"D\u011btsk\u00e9 oble\u010den\u00ed Wolf nab\u00edz\u00ed kvalitn\u00ed a p\u011bkn\u00e9 oble\u010den\u00ed za skv\u011blou cenu","url":"https:\/\/www.idat.cz\/detske-obleceni-wolf-nabizi-kvalitni-a-pekne-obleceni-za-skvelou-cenu\/","datePublished":"2024-10-14","dateModified":"2024-10-14","mainEntityOfPage":"https:\/\/www.idat.cz\/detske-obleceni-wolf-nabizi-kvalitni-a-pekne-obleceni-za-skvelou-cenu\/","author":{"@type":"Person","@id":"https:\/\/www.idat.cz\/author\/devene\/#Person","name":"devene","url":"https:\/\/www.idat.cz\/author\/devene\/","identifier":1,"image":{"@type":"ImageObject","@id":"https:\/\/secure.gravatar.com\/avatar\/42264ea8f5170010011c6bbf811aa6c31c20ad3acf2a9bd21dca0746ea8c832a?s=96&d=mm&r=g","url":"https:\/\/secure.gravatar.com\/avatar\/42264ea8f5170010011c6bbf811aa6c31c20ad3acf2a9bd21dca0746ea8c832a?s=96&d=mm&r=g","height":96,"width":96}},"publisher":{"@type":"Organization","name":"idat.cz","logo":{"@type":"ImageObject","@id":"\/logo.png","url":"\/logo.png","width":600,"height":60}},"image":null,"wordCount":295,"keywords":null},{"@type":"Article","@id":"https:\/\/www.idat.cz\/proc-je-hrani-online-tak-popularni\/","headline":"Pro\u010d je hran\u00ed online tak popul\u00e1rn\u00ed","url":"https:\/\/www.idat.cz\/proc-je-hrani-online-tak-popularni\/","datePublished":"2024-08-27","dateModified":"2024-08-27","mainEntityOfPage":"https:\/\/www.idat.cz\/proc-je-hrani-online-tak-popularni\/","author":{"@type":"Person","@id":"https:\/\/www.idat.cz\/author\/devene\/#Person","name":"devene","url":"https:\/\/www.idat.cz\/author\/devene\/","identifier":1,"image":{"@type":"ImageObject","@id":"https:\/\/secure.gravatar.com\/avatar\/42264ea8f5170010011c6bbf811aa6c31c20ad3acf2a9bd21dca0746ea8c832a?s=96&d=mm&r=g","url":"https:\/\/secure.gravatar.com\/avatar\/42264ea8f5170010011c6bbf811aa6c31c20ad3acf2a9bd21dca0746ea8c832a?s=96&d=mm&r=g","height":96,"width":96}},"publisher":{"@type":"Organization","name":"idat.cz","logo":{"@type":"ImageObject","@id":"\/logo.png","url":"\/logo.png","width":600,"height":60}},"image":{"@type":"ImageObject","@id":"https:\/\/www.idat.cz\/wp-content\/uploads\/videohry1_10_1.png","url":"https:\/\/www.idat.cz\/wp-content\/uploads\/videohry1_10_1.png","height":0,"width":0},"wordCount":544,"keywords":null},{"@type":"Article","@id":"https:\/\/www.idat.cz\/vymalovani-bytu-a-tapety\/","headline":"Vymalov\u00e1n\u00ed bytu a tapety","url":"https:\/\/www.idat.cz\/vymalovani-bytu-a-tapety\/","datePublished":"2024-07-28","dateModified":"2024-07-28","mainEntityOfPage":"https:\/\/www.idat.cz\/vymalovani-bytu-a-tapety\/","author":{"@type":"Person","@id":"https:\/\/www.idat.cz\/author\/devene\/#Person","name":"devene","url":"https:\/\/www.idat.cz\/author\/devene\/","identifier":1,"image":{"@type":"ImageObject","@id":"https:\/\/secure.gravatar.com\/avatar\/42264ea8f5170010011c6bbf811aa6c31c20ad3acf2a9bd21dca0746ea8c832a?s=96&d=mm&r=g","url":"https:\/\/secure.gravatar.com\/avatar\/42264ea8f5170010011c6bbf811aa6c31c20ad3acf2a9bd21dca0746ea8c832a?s=96&d=mm&r=g","height":96,"width":96}},"publisher":{"@type":"Organization","name":"idat.cz","logo":{"@type":"ImageObject","@id":"\/logo.png","url":"\/logo.png","width":600,"height":60}},"image":{"@type":"ImageObject","@id":"https:\/\/www.idat.cz\/wp-content\/uploads\/n%C3%A1jem_3.jpg","url":"https:\/\/www.idat.cz\/wp-content\/uploads\/n%C3%A1jem_3.jpg","height":0,"width":0},"wordCount":533,"keywords":null},{"@type":"Article","@id":"https:\/\/www.idat.cz\/kdy-je-vytah-v-dome-nezbytny\/","headline":"Kdy je v\u00fdtah v dom\u011b nezbytn\u00fd","url":"https:\/\/www.idat.cz\/kdy-je-vytah-v-dome-nezbytny\/","datePublished":"2024-06-30","dateModified":"2024-06-30","mainEntityOfPage":"https:\/\/www.idat.cz\/kdy-je-vytah-v-dome-nezbytny\/","author":{"@type":"Person","@id":"https:\/\/www.idat.cz\/author\/devene\/#Person","name":"devene","url":"https:\/\/www.idat.cz\/author\/devene\/","identifier":1,"image":{"@type":"ImageObject","@id":"https:\/\/secure.gravatar.com\/avatar\/42264ea8f5170010011c6bbf811aa6c31c20ad3acf2a9bd21dca0746ea8c832a?s=96&d=mm&r=g","url":"https:\/\/secure.gravatar.com\/avatar\/42264ea8f5170010011c6bbf811aa6c31c20ad3acf2a9bd21dca0746ea8c832a?s=96&d=mm&r=g","height":96,"width":96}},"publisher":{"@type":"Organization","name":"idat.cz","logo":{"@type":"ImageObject","@id":"\/logo.png","url":"\/logo.png","width":600,"height":60}},"image":{"@type":"ImageObject","@id":"https:\/\/www.idat.cz\/wp-content\/uploads\/panelak4_10_10_4.jpg","url":"https:\/\/www.idat.cz\/wp-content\/uploads\/panelak4_10_10_4.jpg","height":0,"width":0},"wordCount":533,"keywords":null},{"@type":"Article","@id":"https:\/\/www.idat.cz\/nemila-zvirata\/","headline":"Nemil\u00e1 zv\u00ed\u0159ata","url":"https:\/\/www.idat.cz\/nemila-zvirata\/","datePublished":"2024-06-29","dateModified":"2024-06-29","mainEntityOfPage":"https:\/\/www.idat.cz\/nemila-zvirata\/","author":{"@type":"Person","@id":"https:\/\/www.idat.cz\/author\/devene\/#Person","name":"devene","url":"https:\/\/www.idat.cz\/author\/devene\/","identifier":1,"image":{"@type":"ImageObject","@id":"https:\/\/secure.gravatar.com\/avatar\/42264ea8f5170010011c6bbf811aa6c31c20ad3acf2a9bd21dca0746ea8c832a?s=96&d=mm&r=g","url":"https:\/\/secure.gravatar.com\/avatar\/42264ea8f5170010011c6bbf811aa6c31c20ad3acf2a9bd21dca0746ea8c832a?s=96&d=mm&r=g","height":96,"width":96}},"publisher":{"@type":"Organization","name":"idat.cz","logo":{"@type":"ImageObject","@id":"\/logo.png","url":"\/logo.png","width":600,"height":60}},"image":{"@type":"ImageObject","@id":"https:\/\/www.idat.cz\/wp-content\/uploads\/mosquito-4406812_640.jpg","url":"https:\/\/www.idat.cz\/wp-content\/uploads\/mosquito-4406812_640.jpg","height":0,"width":0},"wordCount":548,"keywords":null},{"@type":"Article","@id":"https:\/\/www.idat.cz\/organizace-bytu\/","headline":"Organizace bytu","url":"https:\/\/www.idat.cz\/organizace-bytu\/","datePublished":"2024-06-29","dateModified":"2024-06-29","mainEntityOfPage":"https:\/\/www.idat.cz\/organizace-bytu\/","author":{"@type":"Person","@id":"https:\/\/www.idat.cz\/author\/devene\/#Person","name":"devene","url":"https:\/\/www.idat.cz\/author\/devene\/","identifier":1,"image":{"@type":"ImageObject","@id":"https:\/\/secure.gravatar.com\/avatar\/42264ea8f5170010011c6bbf811aa6c31c20ad3acf2a9bd21dca0746ea8c832a?s=96&d=mm&r=g","url":"https:\/\/secure.gravatar.com\/avatar\/42264ea8f5170010011c6bbf811aa6c31c20ad3acf2a9bd21dca0746ea8c832a?s=96&d=mm&r=g","height":96,"width":96}},"publisher":{"@type":"Organization","name":"idat.cz","logo":{"@type":"ImageObject","@id":"\/logo.png","url":"\/logo.png","width":600,"height":60}},"image":{"@type":"ImageObject","@id":"https:\/\/www.idat.cz\/wp-content\/uploads\/bedroom-389254_960_720_2.jpg","url":"https:\/\/www.idat.cz\/wp-content\/uploads\/bedroom-389254_960_720_2.jpg","height":0,"width":0},"wordCount":522,"keywords":null}]},{"@context":"https:\/\/schema.org","@type":"WebSite","@id":"https:\/\/www.idat.cz\/#website","name":"Idat","url":"https:\/\/www.idat.cz","potentialAction":{"@type":"SearchAction","target":"https:\/\/www.idat.cz\/?s={search_term_string}","query-input":"required name=search_term_string"}}]