[{"@context":"https:\/\/schema.org\/","@type":"Article","@id":"https:\/\/www.idat.cz\/prace-s-prima-lidmi\/#Article","mainEntityOfPage":"https:\/\/www.idat.cz\/prace-s-prima-lidmi\/","headline":"Pr\u00e1ce s prima lidmi","name":"Pr\u00e1ce s prima lidmi","description":"Pamatuji si, kdy\u017e jsem pracovala pro spole\u010dnost, kde se prod\u00e1valo sm\u00ed\u0161en\u00e9 zbo\u017e\u00ed. Bylo to takov\u00fd velk\u00fd obchodn\u00ed centrum, kdy bylo mnoho obchod\u016f. J\u00e1 jsem tam pracovala v mal\u00e9m obch\u016fdku, kde se mi moc l\u00edbilo a taky m\u011b velice t\u011b\u0161ilo, \u017ee tam byl klid. Byla tam p\u0159\u00edjemn\u00e1 hudba a taky tam nebyla zima. Proto\u017ee si pamatuji,...<p class=\"more-link-wrap\"><a href=\"https:\/\/www.idat.cz\/prace-s-prima-lidmi\/\" class=\"more-link\">P\u0159e\u010d\u00edst \u010dl\u00e1nek<span class=\"screen-reader-text\"> &ldquo;Pr\u00e1ce s prima lidmi&rdquo;<\/span> &raquo;<\/a><\/p>","datePublished":"2022-06-29","dateModified":"2023-05-03","author":{"@type":"Person","@id":"https:\/\/www.idat.cz\/author\/devene\/#Person","name":"devene","url":"https:\/\/www.idat.cz\/author\/devene\/","identifier":1,"image":{"@type":"ImageObject","@id":"https:\/\/secure.gravatar.com\/avatar\/42264ea8f5170010011c6bbf811aa6c31c20ad3acf2a9bd21dca0746ea8c832a?s=96&d=mm&r=g","url":"https:\/\/secure.gravatar.com\/avatar\/42264ea8f5170010011c6bbf811aa6c31c20ad3acf2a9bd21dca0746ea8c832a?s=96&d=mm&r=g","height":96,"width":96}},"publisher":{"@type":"Organization","name":"idat.cz","logo":{"@type":"ImageObject","@id":"\/logo.png","url":"\/logo.png","width":600,"height":60}},"image":{"@type":"ImageObject","@id":"https:\/\/www.idat.cz\/wp-content\/uploads\/people-2603521_960_720_1.jpg","url":"https:\/\/www.idat.cz\/wp-content\/uploads\/people-2603521_960_720_1.jpg","height":0,"width":0},"url":"https:\/\/www.idat.cz\/prace-s-prima-lidmi\/","about":["Spole\u010dnost"],"wordCount":407,"articleBody":"Pamatuji si, kdy\u017e jsem pracovala pro spole\u010dnost, kde se prod\u00e1valo sm\u00ed\u0161en\u00e9 zbo\u017e\u00ed. Bylo to takov\u00fd velk\u00fd obchodn\u00ed centrum, kdy bylo mnoho obchod\u016f. J\u00e1 jsem tam pracovala v mal\u00e9m obch\u016fdku, kde se mi moc l\u00edbilo a taky m\u011b velice t\u011b\u0161ilo, \u017ee tam byl klid. Byla tam p\u0159\u00edjemn\u00e1 hudba a taky tam nebyla zima. Proto\u017ee si pamatuji, kdy\u017e jsem minule p\u0159ed t\u00edm obchodn\u00edm centrem prod\u00e1vala ve st\u00e1nku noviny a tab\u00e1k, tak mi tam byla opravdu velk\u00e1 zima. Nedali mi tam topen\u00ed! Proto jsem r\u00e1da, \u017ee jsem \u0161la n\u011bkam jinam a \u017ee pracuji kone\u010dn\u011b tam, kde je mi p\u0159\u00edjemn\u011b a kde je mi teplo. Byla to takov\u00e1 skv\u011bl\u00e1 velk\u00e1 spole\u010dnost, kter\u00e1 m\u011bla pobo\u010dky opravdu v\u0161ude po cel\u00e9 republice a mysl\u00edm si, \u017ee expandovala taky do Polska a na Slovensko. Moc m\u011b to bav\u00ed a j\u00e1 jsem si \u0159ekla, \u017ee lep\u0161\u00ed spole\u010dnost jsem si opravdu v pr\u00e1ci p\u0159\u00e1t nemohla. M\u011bla jsem tam dv\u011b skv\u011ble kolegyn\u011b, kter\u00e9 mi ze za\u010d\u00e1tku se v\u0161\u00edm pom\u00e1haly. Byla jsem za to r\u00e1da. Proto\u017ee kdy\u017e jsem pracovala v baru, tak tam ta spole\u010dnost byla opravdu katastrof\u00e1ln\u00ed. Tam ty holky barmanky necht\u011bly v\u016fbec \u017e\u00e1dnou posilu do sv\u00e9ho t\u00fdmu a d\u00e1valy mi to za vinu.A j\u00e1 jsem tam m\u011bla b\u00fdt jako posila, ale v\u016fbec m\u011b tak nebraly. Sp\u00ed\u0161e m\u011b \u0161ikanovaly a d\u011blaly mi\u00a0naschv\u00e1ly. Pr\u00fd jim vadilo, \u017ee jim taky beru\u00a0d\u00fd\u0161ka, proto\u017ee se se mnou na konci sm\u011bny v\u017edycky musely povinn\u011b rozd\u011blit o\u00a0d\u00fd\u0161ka. Tak\u017ee je logick\u00e9, \u017ee se jim to nel\u00edbilo. Ale kdy\u017e to takhle \u0161\u00e9f cht\u011bl, tak to p\u0159ece m\u011bly ud\u011blat A to bez \u0159e\u010d\u00ed a bez toho, ani\u017e by m\u011b n\u011bjak pomlouvaly anebo \u0161ikanovaly. Tak\u017ee jsem r\u00e1da, \u017ee pracuji ve spole\u010dnosti jako v pr\u00e1ci, kter\u00e1 se mi l\u00edb\u00ed a kter\u00e1 m\u011b n\u011bjak nepohor\u0161uje anebo neunavuje psychicky. Jsem toti\u017e jinak\u00a0velmi\u00a0vesel\u00e1 osoba, kter\u00e1 m\u00e1 r\u00e1da veselou spole\u010dnost a p\u0159\u00edjemn\u00e9 hodn\u00e9 lidi. A taky m\u00e1te skv\u011blou\u00a0spole\u010dnost\u00a0v pr\u00e1ci a mil\u00e9 kolegy? V pr\u00e1ci je \u010dlov\u011bk v\u011bt\u0161inu dne, tak si\u00a0zaslou\u017e\u00ed\u00a0prima\u00a0spole\u010dnost\u00a0a kolegy.\u00a0                                                                                                                                                                                                                                                                                                                                                                                                "},{"@context":"https:\/\/schema.org\/","@type":"BreadcrumbList","itemListElement":[{"@type":"ListItem","position":1,"name":"Pr\u00e1ce s prima lidmi","item":"https:\/\/www.idat.cz\/prace-s-prima-lidmi\/#breadcrumbitem"}]}]