{"@context":"https:\/\/schema.org\/","@type":"CollectionPage","@id":"https:\/\/www.idat.cz\/spolecnost\/#CollectionPage","headline":"Spole\u010dnost Category","description":"","url":"https:\/\/www.idat.cz\/spolecnost\/","hasPart":[{"@type":"Article","@id":"https:\/\/www.idat.cz\/proc-mladi-nechteji-rodiny\/","headline":"Pro\u010d mlad\u00ed necht\u011bj\u00ed rodiny?","url":"https:\/\/www.idat.cz\/proc-mladi-nechteji-rodiny\/","datePublished":"2024-03-31","dateModified":"2024-03-31","mainEntityOfPage":"https:\/\/www.idat.cz\/proc-mladi-nechteji-rodiny\/","author":{"@type":"Person","@id":"https:\/\/www.idat.cz\/author\/devene\/#Person","name":"devene","url":"https:\/\/www.idat.cz\/author\/devene\/","identifier":1,"image":{"@type":"ImageObject","@id":"https:\/\/secure.gravatar.com\/avatar\/42264ea8f5170010011c6bbf811aa6c31c20ad3acf2a9bd21dca0746ea8c832a?s=96&d=mm&r=g","url":"https:\/\/secure.gravatar.com\/avatar\/42264ea8f5170010011c6bbf811aa6c31c20ad3acf2a9bd21dca0746ea8c832a?s=96&d=mm&r=g","height":96,"width":96}},"publisher":{"@type":"Organization","name":"idat.cz","logo":{"@type":"ImageObject","@id":"\/logo.png","url":"\/logo.png","width":600,"height":60}},"image":{"@type":"ImageObject","@id":"https:\/\/www.idat.cz\/wp-content\/uploads\/family-g2303ceb45_640_10_10_1.jpg","url":"https:\/\/www.idat.cz\/wp-content\/uploads\/family-g2303ceb45_640_10_10_1.jpg","height":0,"width":0},"keywords":null},{"@type":"Article","@id":"https:\/\/www.idat.cz\/ne-v-kazde-spolecnosti-to-dobre-funguje\/","headline":"Ne v ka\u017ed\u00e9 spole\u010dnosti to dob\u0159e funguje","url":"https:\/\/www.idat.cz\/ne-v-kazde-spolecnosti-to-dobre-funguje\/","datePublished":"2022-09-30","dateModified":"2023-09-13","mainEntityOfPage":"https:\/\/www.idat.cz\/ne-v-kazde-spolecnosti-to-dobre-funguje\/","author":{"@type":"Person","@id":"https:\/\/www.idat.cz\/author\/devene\/#Person","name":"devene","url":"https:\/\/www.idat.cz\/author\/devene\/","identifier":1,"image":{"@type":"ImageObject","@id":"https:\/\/secure.gravatar.com\/avatar\/42264ea8f5170010011c6bbf811aa6c31c20ad3acf2a9bd21dca0746ea8c832a?s=96&d=mm&r=g","url":"https:\/\/secure.gravatar.com\/avatar\/42264ea8f5170010011c6bbf811aa6c31c20ad3acf2a9bd21dca0746ea8c832a?s=96&d=mm&r=g","height":96,"width":96}},"publisher":{"@type":"Organization","name":"idat.cz","logo":{"@type":"ImageObject","@id":"\/logo.png","url":"\/logo.png","width":600,"height":60}},"image":{"@type":"ImageObject","@id":"https:\/\/www.idat.cz\/wp-content\/uploads\/t%C3%BDm_2.JPG","url":"https:\/\/www.idat.cz\/wp-content\/uploads\/t%C3%BDm_2.JPG","height":0,"width":0},"keywords":null},{"@type":"Article","@id":"https:\/\/www.idat.cz\/prace-s-prima-lidmi\/","headline":"Pr\u00e1ce s prima lidmi","url":"https:\/\/www.idat.cz\/prace-s-prima-lidmi\/","datePublished":"2022-06-29","dateModified":"2023-05-03","mainEntityOfPage":"https:\/\/www.idat.cz\/prace-s-prima-lidmi\/","author":{"@type":"Person","@id":"https:\/\/www.idat.cz\/author\/devene\/#Person","name":"devene","url":"https:\/\/www.idat.cz\/author\/devene\/","identifier":1,"image":{"@type":"ImageObject","@id":"https:\/\/secure.gravatar.com\/avatar\/42264ea8f5170010011c6bbf811aa6c31c20ad3acf2a9bd21dca0746ea8c832a?s=96&d=mm&r=g","url":"https:\/\/secure.gravatar.com\/avatar\/42264ea8f5170010011c6bbf811aa6c31c20ad3acf2a9bd21dca0746ea8c832a?s=96&d=mm&r=g","height":96,"width":96}},"publisher":{"@type":"Organization","name":"idat.cz","logo":{"@type":"ImageObject","@id":"\/logo.png","url":"\/logo.png","width":600,"height":60}},"image":{"@type":"ImageObject","@id":"https:\/\/www.idat.cz\/wp-content\/uploads\/people-2603521_960_720_1.jpg","url":"https:\/\/www.idat.cz\/wp-content\/uploads\/people-2603521_960_720_1.jpg","height":0,"width":0},"keywords":null},{"@type":"Article","@id":"https:\/\/www.idat.cz\/jak-se-zabavit-v-dnesnim-svete\/","headline":"Jak se zabavit v dne\u0161n\u00edm sv\u011bt\u011b?","url":"https:\/\/www.idat.cz\/jak-se-zabavit-v-dnesnim-svete\/","datePublished":"2022-06-09","dateModified":"2023-05-03","mainEntityOfPage":"https:\/\/www.idat.cz\/jak-se-zabavit-v-dnesnim-svete\/","author":{"@type":"Person","@id":"https:\/\/www.idat.cz\/author\/devene\/#Person","name":"devene","url":"https:\/\/www.idat.cz\/author\/devene\/","identifier":1,"image":{"@type":"ImageObject","@id":"https:\/\/secure.gravatar.com\/avatar\/42264ea8f5170010011c6bbf811aa6c31c20ad3acf2a9bd21dca0746ea8c832a?s=96&d=mm&r=g","url":"https:\/\/secure.gravatar.com\/avatar\/42264ea8f5170010011c6bbf811aa6c31c20ad3acf2a9bd21dca0746ea8c832a?s=96&d=mm&r=g","height":96,"width":96}},"publisher":{"@type":"Organization","name":"idat.cz","logo":{"@type":"ImageObject","@id":"\/logo.png","url":"\/logo.png","width":600,"height":60}},"image":{"@type":"ImageObject","@id":"https:\/\/www.idat.cz\/wp-content\/uploads\/pexels-andrea-piacquadio-787961_2.jpg","url":"https:\/\/www.idat.cz\/wp-content\/uploads\/pexels-andrea-piacquadio-787961_2.jpg","height":0,"width":0},"keywords":null},{"@type":"Article","@id":"https:\/\/www.idat.cz\/prima-spolecnost\/","headline":"Prima spole\u010dnost","url":"https:\/\/www.idat.cz\/prima-spolecnost\/","datePublished":"2022-03-22","dateModified":"2023-05-30","mainEntityOfPage":"https:\/\/www.idat.cz\/prima-spolecnost\/","author":{"@type":"Person","@id":"https:\/\/www.idat.cz\/author\/devene\/#Person","name":"devene","url":"https:\/\/www.idat.cz\/author\/devene\/","identifier":1,"image":{"@type":"ImageObject","@id":"https:\/\/secure.gravatar.com\/avatar\/42264ea8f5170010011c6bbf811aa6c31c20ad3acf2a9bd21dca0746ea8c832a?s=96&d=mm&r=g","url":"https:\/\/secure.gravatar.com\/avatar\/42264ea8f5170010011c6bbf811aa6c31c20ad3acf2a9bd21dca0746ea8c832a?s=96&d=mm&r=g","height":96,"width":96}},"publisher":{"@type":"Organization","name":"idat.cz","logo":{"@type":"ImageObject","@id":"\/logo.png","url":"\/logo.png","width":600,"height":60}},"image":{"@type":"ImageObject","@id":"https:\/\/www.idat.cz\/wp-content\/uploads\/adult-1822695_960_720.jpg","url":"https:\/\/www.idat.cz\/wp-content\/uploads\/adult-1822695_960_720.jpg","height":0,"width":0},"keywords":null},{"@type":"Article","@id":"https:\/\/www.idat.cz\/mezi-autozarovkami-osram-vynika-nightbreaker\/","headline":"Mezi auto\u017e\u00e1rovkami Osram vynik\u00e1 Nightbreaker","url":"https:\/\/www.idat.cz\/mezi-autozarovkami-osram-vynika-nightbreaker\/","datePublished":"2019-09-13","dateModified":"2023-05-03","mainEntityOfPage":"https:\/\/www.idat.cz\/mezi-autozarovkami-osram-vynika-nightbreaker\/","author":{"@type":"Person","@id":"https:\/\/www.idat.cz\/author\/devene\/#Person","name":"devene","url":"https:\/\/www.idat.cz\/author\/devene\/","identifier":1,"image":{"@type":"ImageObject","@id":"https:\/\/secure.gravatar.com\/avatar\/42264ea8f5170010011c6bbf811aa6c31c20ad3acf2a9bd21dca0746ea8c832a?s=96&d=mm&r=g","url":"https:\/\/secure.gravatar.com\/avatar\/42264ea8f5170010011c6bbf811aa6c31c20ad3acf2a9bd21dca0746ea8c832a?s=96&d=mm&r=g","height":96,"width":96}},"publisher":{"@type":"Organization","name":"idat.cz","logo":{"@type":"ImageObject","@id":"\/logo.png","url":"\/logo.png","width":600,"height":60}},"image":{"@type":"ImageObject","@id":"https:\/\/www.idat.cz\/wp-content\/uploads\/img_a344076_w1735_t1557485166.jpg","url":"https:\/\/www.idat.cz\/wp-content\/uploads\/img_a344076_w1735_t1557485166.jpg","height":0,"width":0},"keywords":null}]}