[{"@context":"https:\/\/schema.org\/","@type":"Article","@id":"https:\/\/www.idat.cz\/v-nasich-prevlecich-se-sam-sebe-budete-bat\/#Article","mainEntityOfPage":"https:\/\/www.idat.cz\/v-nasich-prevlecich-se-sam-sebe-budete-bat\/","headline":"V na\u0161ich p\u0159evlec\u00edch se s\u00e1m sebe budete b\u00e1t","name":"V na\u0161ich p\u0159evlec\u00edch se s\u00e1m sebe budete b\u00e1t","description":"U\u017e se v\u00e1m n\u011bkdy stalo, \u017ee byste se p\u0159evl\u00e9kli do masky na stra\u0161idelnou party a s\u00e1m sebe jste se b\u00e1l? \u017de ne? Tak to poj\u010fte d\u00edky n\u00e1m napravit. Jenom n\u00e1\u0161 kost\u00fdm na halloween v\u00e1m zaru\u010d\u00ed, \u017ee p\u0159i prohledu na sebe sam\u00e9ho se budete b\u00e1t a uji\u0161\u0165ujeme v\u00e1s, \u017ee v\u00a0na\u0161em p\u0159evle\u010den\u00ed opravdu vystra\u0161\u00edte nejenom sebe, ale...<p class=\"more-link-wrap\"><a href=\"https:\/\/www.idat.cz\/v-nasich-prevlecich-se-sam-sebe-budete-bat\/\" class=\"more-link\">P\u0159e\u010d\u00edst \u010dl\u00e1nek<span class=\"screen-reader-text\"> &ldquo;V na\u0161ich p\u0159evlec\u00edch se s\u00e1m sebe budete b\u00e1t&rdquo;<\/span> &raquo;<\/a><\/p>","datePublished":"2024-10-30","dateModified":"2024-10-30","author":{"@type":"Person","@id":"https:\/\/www.idat.cz\/author\/devene\/#Person","name":"devene","url":"https:\/\/www.idat.cz\/author\/devene\/","identifier":1,"image":{"@type":"ImageObject","@id":"https:\/\/secure.gravatar.com\/avatar\/42264ea8f5170010011c6bbf811aa6c31c20ad3acf2a9bd21dca0746ea8c832a?s=96&d=mm&r=g","url":"https:\/\/secure.gravatar.com\/avatar\/42264ea8f5170010011c6bbf811aa6c31c20ad3acf2a9bd21dca0746ea8c832a?s=96&d=mm&r=g","height":96,"width":96}},"publisher":{"@type":"Organization","name":"idat.cz","logo":{"@type":"ImageObject","@id":"\/logo.png","url":"\/logo.png","width":600,"height":60}},"url":"https:\/\/www.idat.cz\/v-nasich-prevlecich-se-sam-sebe-budete-bat\/","wordCount":268,"articleBody":"\tU\u017e se v\u00e1m n\u011bkdy stalo, \u017ee byste se p\u0159evl\u00e9kli do masky na stra\u0161idelnou party a s\u00e1m sebe jste se b\u00e1l? \u017de ne? Tak to poj\u010fte d\u00edky n\u00e1m napravit. Jenom n\u00e1\u0161 kost\u00fdm na halloween v\u00e1m zaru\u010d\u00ed, \u017ee p\u0159i prohledu na sebe sam\u00e9ho se budete b\u00e1t a uji\u0161\u0165ujeme v\u00e1s, \u017ee v\u00a0na\u0161em p\u0159evle\u010den\u00ed opravdu vystra\u0161\u00edte nejenom sebe, ale tak\u00e9 ka\u017ed\u00e9ho, kdo v\u00e1s spat\u0159\u00ed. Jenom d\u00edky na\u0161im mask\u00e1m pro\u017eijete neskute\u010dnou z\u00e1bavu, na kterou opravdu nikdy nezapomenete. A to je na ka\u017ed\u00e9 party to nejd\u016fle\u017eit\u011bj\u0161\u00ed.\tVystra\u0161te ka\u017ed\u00e9ho n\u00e1v\u0161t\u011bvn\u00edka v\u00a0na\u0161ich mask\u00e1ch a u\u017eijte si jedine\u010dnou partyU\u017e\u00edt si stra\u0161idelnou party, je pro v\u00e1s priorita \u010d\u00edslo jedna, ale nev\u00edte, jak toho dos\u00e1hnout, kdy\u017e nem\u00e1te ten spr\u00e1vn\u00fd p\u0159evlek, kter\u00fdm byste ka\u017ed\u00e9ho uchv\u00e1til a z\u00e1rove\u0148 vystra\u0161il? Tak u\u017e si s\u00a0t\u00edm nel\u00e1mejte hlavu, proto\u017ee kost\u00fdm na halloween, kter\u00fd v\u00e1m nab\u00edz\u00edme my, je t\u00edm spr\u00e1vn\u00fdm p\u0159evlekem pr\u00e1v\u011b pro v\u00e1s. Nejenom, \u017ee vystra\u0161\u00edte ka\u017ed\u00e9ho n\u00e1v\u0161t\u011bvn\u00edka, ale tak\u00e9 si u\u017eijte spousty legrace a z\u00e1bavy. Uji\u0161\u0165ujeme v\u00e1s, \u017ee d\u00edky n\u00e1m se pro v\u00e1s party stane opravdu nezapomenutelnou a jedine\u010dnou akc\u00ed, na kterou r\u00e1di budete vzpom\u00ednat po zbytek sv\u00e9ho \u017eivota.                                                                                                                                                                                                                                                                                                                                                                                                "},{"@context":"https:\/\/schema.org\/","@type":"BreadcrumbList","itemListElement":[{"@type":"ListItem","position":1,"name":"V na\u0161ich p\u0159evlec\u00edch se s\u00e1m sebe budete b\u00e1t","item":"https:\/\/www.idat.cz\/v-nasich-prevlecich-se-sam-sebe-budete-bat\/#breadcrumbitem"}]}]