[{"@context":"https:\/\/schema.org\/","@type":"Article","@id":"https:\/\/www.idat.cz\/velka-rodinna-oslava\/#Article","mainEntityOfPage":"https:\/\/www.idat.cz\/velka-rodinna-oslava\/","headline":"Velk\u00e1 rodinn\u00e1 oslava","name":"Velk\u00e1 rodinn\u00e1 oslava","description":"Je to za dve\u0159mi. Babi\u010dka a d\u011bda slav\u00ed zlatou svatbu a sj\u00ed\u017ed\u00ed se cel\u00e1 rodina. Spousta dobr\u00e9ho j\u00eddla a pit\u00ed je nachyst\u00e1na na stole. Nesm\u00ed chyb\u011bt tak\u00e9 z\u00e1kusky a v\u00fdborn\u00e9 tvarohov\u00e9 kol\u00e1\u010dky. \u010cek\u00e1 se jen, a\u017e doraz\u00ed n\u011bkolik posledn\u00edch host\u016f, kte\u0159\u00ed se trochu opozdili. M\u00e1te na sob\u011b p\u011bkn\u00e9 spole\u010densk\u00e9 \u0161aty. Nezapome\u0148te se hodn\u011b usm\u00edvat a...<p class=\"more-link-wrap\"><a href=\"https:\/\/www.idat.cz\/velka-rodinna-oslava\/\" class=\"more-link\">P\u0159e\u010d\u00edst \u010dl\u00e1nek<span class=\"screen-reader-text\"> &ldquo;Velk\u00e1 rodinn\u00e1 oslava&rdquo;<\/span> &raquo;<\/a><\/p>","datePublished":"2024-12-16","dateModified":"2024-12-16","author":{"@type":"Person","@id":"https:\/\/www.idat.cz\/author\/devene\/#Person","name":"devene","url":"https:\/\/www.idat.cz\/author\/devene\/","identifier":1,"image":{"@type":"ImageObject","@id":"https:\/\/secure.gravatar.com\/avatar\/42264ea8f5170010011c6bbf811aa6c31c20ad3acf2a9bd21dca0746ea8c832a?s=96&d=mm&r=g","url":"https:\/\/secure.gravatar.com\/avatar\/42264ea8f5170010011c6bbf811aa6c31c20ad3acf2a9bd21dca0746ea8c832a?s=96&d=mm&r=g","height":96,"width":96}},"publisher":{"@type":"Organization","name":"idat.cz","logo":{"@type":"ImageObject","@id":"\/logo.png","url":"\/logo.png","width":600,"height":60}},"url":"https:\/\/www.idat.cz\/velka-rodinna-oslava\/","wordCount":171,"articleBody":" Je to za dve\u0159mi. Babi\u010dka a d\u011bda slav\u00ed zlatou svatbu a sj\u00ed\u017ed\u00ed se cel\u00e1 rodina. Spousta dobr\u00e9ho j\u00eddla a pit\u00ed je nachyst\u00e1na na stole. Nesm\u00ed chyb\u011bt tak\u00e9 z\u00e1kusky a v\u00fdborn\u00e9 tvarohov\u00e9 kol\u00e1\u010dky. \u010cek\u00e1 se jen, a\u017e doraz\u00ed n\u011bkolik posledn\u00edch host\u016f, kte\u0159\u00ed se trochu opozdili. M\u00e1te na sob\u011b p\u011bkn\u00e9 spole\u010densk\u00e9 \u0161aty. Nezapome\u0148te se hodn\u011b usm\u00edvat a u\u017eijte si tento rodinn\u00fd den! Okouzlete sv\u00e9 okol\u00ed Sj\u00ed\u017ed\u00ed se cel\u00e1 rodina. Spoustu lid\u00ed jste dlouhou dobu nevid\u011bla. T\u0159eba sest\u0159enici s jej\u00edm man\u017eelem a dv\u011bma d\u011btmi nebo str\u00fdce Mirka jste potkala naposledy o lo\u0148sk\u00fdch V\u00e1noc\u00edch. Kulat\u00e9 narozeniny jsou p\u0159eci jen ob\u010das, tak je doslova nutnost uspo\u0159\u00e1dat po\u0159\u00e1dnou oslavu. V t\u011bch nov\u00fdch \u0161atech, kter\u00e9 jste v t\u00fddnu koupila, ur\u010dit\u011b v\u0161em vyt\u0159ete zrak. Nikdo by neh\u00e1dal, \u017ee je V\u00e1m zase o rok v\u00edc.                                                                                                                                                                                                                                                                                                                                                                                                "},{"@context":"https:\/\/schema.org\/","@type":"BreadcrumbList","itemListElement":[{"@type":"ListItem","position":1,"name":"Velk\u00e1 rodinn\u00e1 oslava","item":"https:\/\/www.idat.cz\/velka-rodinna-oslava\/#breadcrumbitem"}]}]